{"id":1031,"date":"2025-04-14T17:51:00","date_gmt":"2025-04-14T23:51:00","guid":{"rendered":"https:\/\/www.racsel.org\/nueva\/?p=1031"},"modified":"2026-03-03T17:52:44","modified_gmt":"2026-03-03T23:52:44","slug":"los-paises-de-america-latina-y-el-caribe-ya-se-preparan-para-la-conectaton-ph4h-2025","status":"publish","type":"post","link":"https:\/\/www.racsel.org\/en\/los-paises-de-america-latina-y-el-caribe-ya-se-preparan-para-la-conectaton-ph4h-2025\/","title":{"rendered":"Latin American and Caribbean countries are already preparing for the PH4H 2025 Connectathon!"},"content":{"rendered":"<div data-elementor-type=\"wp-post\" data-elementor-id=\"1031\" class=\"elementor elementor-1031\" data-elementor-post-type=\"post\">\n\t\t\t\t<div data-particle_enable=\"false\" data-particle-mobile-disabled=\"false\" class=\"elementor-element elementor-element-a814ffd e-flex e-con-boxed e-con e-parent\" data-id=\"a814ffd\" data-element_type=\"container\" data-e-type=\"container\">\n\t\t\t\t\t<div class=\"e-con-inner\">\n\t\t<div data-particle_enable=\"false\" data-particle-mobile-disabled=\"false\" class=\"elementor-element elementor-element-2c74837 e-con-full e-flex e-con e-child\" data-id=\"2c74837\" data-element_type=\"container\" data-e-type=\"container\">\n\t\t\t\t<div class=\"elementor-element elementor-element-6ef5958 elementor-widget elementor-widget-image\" data-id=\"6ef5958\" data-element_type=\"widget\" data-e-type=\"widget\" data-widget_type=\"image.default\">\n\t\t\t\t\t\t\t\t\t\t\t\t\t\t\t<img fetchpriority=\"high\" decoding=\"async\" width=\"800\" height=\"450\" src=\"https:\/\/www.racsel.org\/nueva\/wp-content\/uploads\/2026\/03\/Webinar-1-esp-1024x576.png\" class=\"attachment-large size-large wp-image-1032\" alt=\"\" srcset=\"https:\/\/www.racsel.org\/nueva\/wp-content\/uploads\/2026\/03\/Webinar-1-esp-1024x576.png 1024w, https:\/\/www.racsel.org\/nueva\/wp-content\/uploads\/2026\/03\/Webinar-1-esp-300x169.png 300w, https:\/\/www.racsel.org\/nueva\/wp-content\/uploads\/2026\/03\/Webinar-1-esp-768x432.png 768w, https:\/\/www.racsel.org\/nueva\/wp-content\/uploads\/2026\/03\/Webinar-1-esp.png 1280w\" sizes=\"(max-width: 800px) 100vw, 800px\" \/>\t\t\t\t\t\t\t\t\t\t\t\t\t\t\t<\/div>\n\t\t\t\t<\/div>\n\t\t<div data-particle_enable=\"false\" data-particle-mobile-disabled=\"false\" class=\"elementor-element elementor-element-0c3fdee e-con-full e-flex e-con e-child\" data-id=\"0c3fdee\" data-element_type=\"container\" data-e-type=\"container\">\n\t\t\t\t<div class=\"elementor-element elementor-element-88fc588 elementor-widget elementor-widget-text-editor\" data-id=\"88fc588\" data-element_type=\"widget\" data-e-type=\"widget\" data-widget_type=\"text-editor.default\">\n\t\t\t\t\t\t\t\t\t<p>As every year, RACSEL accompanies countries in preparing for the regional connectathon through technical support, in this case with a series of training sessions with #DigitalHealth experts.<\/p><p>The first seminar will focus on presenting the fundamentals of the HL7 standard versions, especially FHIR, as well as the use of semantic standards to implement health interoperability processes. It will be led by Fernando Portilla, an engineer and digital health specialist, and consultant for the IDB and RACSEL. These seminars aim to strengthen capacities and provide tools that will help participants successfully meet the challenges posed by the connectathon.\u00a0<\/p><p>Regional and national connectathons are a key piece in building the Pan American Health Digital Highway (PH4H), an initiative led by the Inter-American Development Bank, the Pan American Health Organization, and the countries of Latin America and the Caribbean, with support from the government of #Japan. In building this Highway, RACSEL is a strategic partner that contributes to building PH4H as a technical leader, seeking to leave installed capacity in countries to achieve regional interoperability.<\/p><p><strong>Join us and let's keep building PH4H together!<\/strong><\/p><p>\ud83d\udcc5Date: Thursday, April 24 at 4 PM GMT-3<\/p><p>\ud83d\udccdRegistration link: <a href=\"https:\/\/bit.ly\/3Rewu9Y\" target=\"_blank\" rel=\"noopener\" data-_=\"Link\" data-popup-processed=\"true\">https:\/\/bit.ly\/3Rewu9Y<\/a><\/p>\t\t\t\t\t\t\t\t<\/div>\n\t\t\t\t<\/div>\n\t\t\t\t\t<\/div>\n\t\t\t\t<\/div>\n\t\t\t\t<\/div>","protected":false},"excerpt":{"rendered":"<p>Como cada a\u00f1o, RACSEL acompa\u00f1a a los pa\u00edses en la preparaci\u00f3n para la conectat\u00f3n regional mediante apoyo t\u00e9cnico, en este caso, con un ciclo de capacitaciones con expertos en #SaludDigital. El primer seminario se enfocar\u00e1 en presentar fundamentos de las versiones del est\u00e1ndar HL7, especialmente FHIR, as\u00ed como el uso de est\u00e1ndares sem\u00e1nticos para implementar [&hellip;]<\/p>\n","protected":false},"author":1,"featured_media":1032,"comment_status":"open","ping_status":"open","sticky":false,"template":"","format":"standard","meta":{"footnotes":""},"categories":[20],"tags":[],"class_list":["post-1031","post","type-post","status-publish","format-standard","has-post-thumbnail","hentry","category-noticias"],"_links":{"self":[{"href":"https:\/\/www.racsel.org\/en\/wp-json\/wp\/v2\/posts\/1031","targetHints":{"allow":["GET"]}}],"collection":[{"href":"https:\/\/www.racsel.org\/en\/wp-json\/wp\/v2\/posts"}],"about":[{"href":"https:\/\/www.racsel.org\/en\/wp-json\/wp\/v2\/types\/post"}],"author":[{"embeddable":true,"href":"https:\/\/www.racsel.org\/en\/wp-json\/wp\/v2\/users\/1"}],"replies":[{"embeddable":true,"href":"https:\/\/www.racsel.org\/en\/wp-json\/wp\/v2\/comments?post=1031"}],"version-history":[{"count":0,"href":"https:\/\/www.racsel.org\/en\/wp-json\/wp\/v2\/posts\/1031\/revisions"}],"wp:featuredmedia":[{"embeddable":true,"href":"https:\/\/www.racsel.org\/en\/wp-json\/wp\/v2\/media\/1032"}],"wp:attachment":[{"href":"https:\/\/www.racsel.org\/en\/wp-json\/wp\/v2\/media?parent=1031"}],"wp:term":[{"taxonomy":"category","embeddable":true,"href":"https:\/\/www.racsel.org\/en\/wp-json\/wp\/v2\/categories?post=1031"},{"taxonomy":"post_tag","embeddable":true,"href":"https:\/\/www.racsel.org\/en\/wp-json\/wp\/v2\/tags?post=1031"}],"curies":[{"name":"wp","href":"https:\/\/api.w.org\/{rel}","templated":true}]}}