{"id":1037,"date":"2024-08-11T17:53:00","date_gmt":"2024-08-11T23:53:00","guid":{"rendered":"https:\/\/www.racsel.org\/nueva\/?p=1037"},"modified":"2026-03-03T17:54:44","modified_gmt":"2026-03-03T23:54:44","slug":"asamblea-anual-racsel-2025","status":"publish","type":"post","link":"https:\/\/www.racsel.org\/en\/asamblea-anual-racsel-2025\/","title":{"rendered":"Asamblea Anual RACSEL 2025"},"content":{"rendered":"<div data-elementor-type=\"wp-post\" data-elementor-id=\"1037\" class=\"elementor elementor-1037\" data-elementor-post-type=\"post\">\n\t\t\t\t<div data-particle_enable=\"false\" data-particle-mobile-disabled=\"false\" class=\"elementor-element elementor-element-a814ffd e-flex e-con-boxed e-con e-parent\" data-id=\"a814ffd\" data-element_type=\"container\" data-e-type=\"container\">\n\t\t\t\t\t<div class=\"e-con-inner\">\n\t\t<div data-particle_enable=\"false\" data-particle-mobile-disabled=\"false\" class=\"elementor-element elementor-element-2c74837 e-con-full e-flex e-con e-child\" data-id=\"2c74837\" data-element_type=\"container\" data-e-type=\"container\">\n\t\t\t\t<div class=\"elementor-element elementor-element-6ef5958 elementor-widget elementor-widget-image\" data-id=\"6ef5958\" data-element_type=\"widget\" data-e-type=\"widget\" data-widget_type=\"image.default\">\n\t\t\t\t\t\t\t\t\t\t\t\t\t\t\t<img fetchpriority=\"high\" decoding=\"async\" width=\"800\" height=\"534\" src=\"https:\/\/www.racsel.org\/nueva\/wp-content\/uploads\/2026\/03\/54101769112_4be68ae44f_o-2-1024x683.jpg\" class=\"attachment-large size-large wp-image-1038\" alt=\"\" srcset=\"https:\/\/www.racsel.org\/nueva\/wp-content\/uploads\/2026\/03\/54101769112_4be68ae44f_o-2-1024x683.jpg 1024w, https:\/\/www.racsel.org\/nueva\/wp-content\/uploads\/2026\/03\/54101769112_4be68ae44f_o-2-300x200.jpg 300w, https:\/\/www.racsel.org\/nueva\/wp-content\/uploads\/2026\/03\/54101769112_4be68ae44f_o-2-768x512.jpg 768w, https:\/\/www.racsel.org\/nueva\/wp-content\/uploads\/2026\/03\/54101769112_4be68ae44f_o-2-1536x1024.jpg 1536w, https:\/\/www.racsel.org\/nueva\/wp-content\/uploads\/2026\/03\/54101769112_4be68ae44f_o-2.jpg 2048w\" sizes=\"(max-width: 800px) 100vw, 800px\" \/>\t\t\t\t\t\t\t\t\t\t\t\t\t\t\t<\/div>\n\t\t\t\t<\/div>\n\t\t<div data-particle_enable=\"false\" data-particle-mobile-disabled=\"false\" class=\"elementor-element elementor-element-0c3fdee e-con-full e-flex e-con e-child\" data-id=\"0c3fdee\" data-element_type=\"container\" data-e-type=\"container\">\n\t\t\t\t<div class=\"elementor-element elementor-element-88fc588 elementor-widget elementor-widget-text-editor\" data-id=\"88fc588\" data-element_type=\"widget\" data-e-type=\"widget\" data-widget_type=\"text-editor.default\">\n\t\t\t\t\t\t\t\t\t<p>Del 22 al 25 de octubre en Bogot\u00e1, Colombia, los pa\u00edses miembros de RACSEL participaron del evento \u00abConectando las Am\u00e9ricas: Lanzamiento de la Ruta Panamericana de Salud Digital (#PH4H) y Tercera Conectat\u00f3n Regional\u00bb.<br \/><br \/>La PH4H es una iniciativa liderada por el #BID Banco Interamericano de Desarrollo, la #OPS Pan American Health Organization y los pa\u00edses de Am\u00e9rica Latina y el Caribe. Esta iniciativa busca que todas las personas de la regi\u00f3n accedan a servicios de salud de calidad sin importar d\u00f3nde se encuentren, poniendo la tecnolog\u00eda al servicio de la salud. El gobierno de Jap\u00f3n es su primer donante oficial.<br \/><br \/>En el evento tuvo lugar la reuni\u00f3n anual de RACSEL, en la que compartimos un Di\u00e1logo Regional entre los miembros, pa\u00edses invitados, organismos impulsores y socios estrat\u00e9gicos, entre otros, y la Asamblea Anual, con la participaci\u00f3n de los 15 pa\u00edses de la red. La Asamblea fue presidida por el Dr. William Hoyos en representaci\u00f3n del presidente pro t\u00e9mpore en ejercicio, Ing. Daniel Mendez de la Secretar\u00eda de Innovaci\u00f3n de El Salvador \ud83c\uddf8\ud83c\uddfb y acompa\u00f1ado por el Comit\u00e9 Ejecutivo de RACSEL.<br \/><br \/>Como resultado de la Asamblea se incorpor\u00f3 como pa\u00eds miembro a la Argentina \ud83c\udde6\ud83c\uddf7, representada por su Ministerio de Salud. Adem\u00e1s,<br \/>se eligieron\u00a0las nuevas autoridades para el pr\u00f3ximo per\u00edodo: el Ministro Dr. Francisco Alabi, en representaci\u00f3n del Ministerio de Salud de El Salvador \ud83c\uddf8\ud83c\uddfb, fue electo como nuevo presidente de RACSEL.<\/p><p>\u00a0<\/p>\t\t\t\t\t\t\t\t<\/div>\n\t\t\t\t<\/div>\n\t\t\t\t\t<\/div>\n\t\t\t\t<\/div>\n\t\t\t\t<\/div>","protected":false},"excerpt":{"rendered":"<p>Del 22 al 25 de octubre en Bogot\u00e1, Colombia, los pa\u00edses miembros de RACSEL participaron del evento \u00abConectando las Am\u00e9ricas: Lanzamiento de la Ruta Panamericana de Salud Digital (#PH4H) y Tercera Conectat\u00f3n Regional\u00bb. La PH4H es una iniciativa liderada por el #BID Banco Interamericano de Desarrollo, la #OPS Pan American Health Organization y los pa\u00edses [&hellip;]<\/p>\n","protected":false},"author":1,"featured_media":1038,"comment_status":"open","ping_status":"open","sticky":false,"template":"","format":"standard","meta":{"footnotes":""},"categories":[20],"tags":[],"class_list":["post-1037","post","type-post","status-publish","format-standard","has-post-thumbnail","hentry","category-noticias"],"_links":{"self":[{"href":"https:\/\/www.racsel.org\/en\/wp-json\/wp\/v2\/posts\/1037","targetHints":{"allow":["GET"]}}],"collection":[{"href":"https:\/\/www.racsel.org\/en\/wp-json\/wp\/v2\/posts"}],"about":[{"href":"https:\/\/www.racsel.org\/en\/wp-json\/wp\/v2\/types\/post"}],"author":[{"embeddable":true,"href":"https:\/\/www.racsel.org\/en\/wp-json\/wp\/v2\/users\/1"}],"replies":[{"embeddable":true,"href":"https:\/\/www.racsel.org\/en\/wp-json\/wp\/v2\/comments?post=1037"}],"version-history":[{"count":0,"href":"https:\/\/www.racsel.org\/en\/wp-json\/wp\/v2\/posts\/1037\/revisions"}],"wp:featuredmedia":[{"embeddable":true,"href":"https:\/\/www.racsel.org\/en\/wp-json\/wp\/v2\/media\/1038"}],"wp:attachment":[{"href":"https:\/\/www.racsel.org\/en\/wp-json\/wp\/v2\/media?parent=1037"}],"wp:term":[{"taxonomy":"category","embeddable":true,"href":"https:\/\/www.racsel.org\/en\/wp-json\/wp\/v2\/categories?post=1037"},{"taxonomy":"post_tag","embeddable":true,"href":"https:\/\/www.racsel.org\/en\/wp-json\/wp\/v2\/tags?post=1037"}],"curies":[{"name":"wp","href":"https:\/\/api.w.org\/{rel}","templated":true}]}}