{"id":1043,"date":"2023-03-03T17:56:00","date_gmt":"2023-03-03T23:56:00","guid":{"rendered":"https:\/\/www.racsel.org\/nueva\/?p=1043"},"modified":"2026-03-03T17:57:02","modified_gmt":"2026-03-03T23:57:02","slug":"proyecto-con-foco-en-maximizar-la-cooperacion-en-salud-digital-entre-paises-de-latinoamerica-y-el-caribe-avanza-en-capacitaciones-y-prepara-evento-regional","status":"publish","type":"post","link":"https:\/\/www.racsel.org\/en\/proyecto-con-foco-en-maximizar-la-cooperacion-en-salud-digital-entre-paises-de-latinoamerica-y-el-caribe-avanza-en-capacitaciones-y-prepara-evento-regional\/","title":{"rendered":"Proyecto con foco en maximizar la cooperaci\u00f3n en salud digital entre pa\u00edses de Latinoam\u00e9rica y el Caribe avanza en capacitaciones y prepara evento regional"},"content":{"rendered":"<div data-elementor-type=\"wp-post\" data-elementor-id=\"1043\" class=\"elementor elementor-1043\" data-elementor-post-type=\"post\">\n\t\t\t\t<div data-particle_enable=\"false\" data-particle-mobile-disabled=\"false\" class=\"elementor-element elementor-element-a814ffd e-flex e-con-boxed e-con e-parent\" data-id=\"a814ffd\" data-element_type=\"container\" data-e-type=\"container\">\n\t\t\t\t\t<div class=\"e-con-inner\">\n\t\t<div data-particle_enable=\"false\" data-particle-mobile-disabled=\"false\" class=\"elementor-element elementor-element-2c74837 e-con-full e-flex e-con e-child\" data-id=\"2c74837\" data-element_type=\"container\" data-e-type=\"container\">\n\t\t\t\t<div class=\"elementor-element elementor-element-6ef5958 elementor-widget elementor-widget-image\" data-id=\"6ef5958\" data-element_type=\"widget\" data-e-type=\"widget\" data-widget_type=\"image.default\">\n\t\t\t\t\t\t\t\t\t\t\t\t\t\t\t<img fetchpriority=\"high\" decoding=\"async\" width=\"509\" height=\"340\" src=\"https:\/\/www.racsel.org\/nueva\/wp-content\/uploads\/2026\/03\/75482ea3a0555f2acea243f02366a5fa_fit.jpg\" class=\"attachment-large size-large wp-image-1044\" alt=\"\" srcset=\"https:\/\/www.racsel.org\/nueva\/wp-content\/uploads\/2026\/03\/75482ea3a0555f2acea243f02366a5fa_fit.jpg 509w, https:\/\/www.racsel.org\/nueva\/wp-content\/uploads\/2026\/03\/75482ea3a0555f2acea243f02366a5fa_fit-300x200.jpg 300w\" sizes=\"(max-width: 509px) 100vw, 509px\" \/>\t\t\t\t\t\t\t\t\t\t\t\t\t\t\t<\/div>\n\t\t\t\t<\/div>\n\t\t<div data-particle_enable=\"false\" data-particle-mobile-disabled=\"false\" class=\"elementor-element elementor-element-0c3fdee e-con-full e-flex e-con e-child\" data-id=\"0c3fdee\" data-element_type=\"container\" data-e-type=\"container\">\n\t\t\t\t<div class=\"elementor-element elementor-element-88fc588 elementor-widget elementor-widget-text-editor\" data-id=\"88fc588\" data-element_type=\"widget\" data-e-type=\"widget\" data-widget_type=\"text-editor.default\">\n\t\t\t\t\t\t\t\t\t<div id=\"a18908cfa79a113738315ab2b97fcaa3\" class=\"wb_element wb-layout-element\" data-plugin=\"LayoutElement\"><div class=\"wb_content wb-layout-vertical\"><div id=\"a18908cfa79a12945d5a907d620638c3\" class=\"wb_element\" data-plugin=\"Blog\"><div class=\"wb-blog\"><div><p>Distintas sesiones de formaci\u00f3n para entregar contenidos t\u00e9cnicos que permitan optimizar las oportunidades de interoperabilidad entre distintos pa\u00edses de Latinoam\u00e9rica y el Caribe, adem\u00e1s de generar redes a nivel local y potenciar la concepci\u00f3n de posibles nuevos proyectos est\u00e1n avanzando seg\u00fan planificaci\u00f3n del proyecto.<\/p><p>En el marco del Bien Publico Regional (BPR) RG-T3769: \u201cTransformaci\u00f3n Digital en Salud para Mitigar los Efectos de COVID-19 en Am\u00e9rica Latina y el Caribe\u201d, la Red Americana de Cooperaci\u00f3n para la Salud Electr\u00f3nica (RACSEL) ha dispuesto para los equipos t\u00e9cnicos de los diferentes pa\u00edses una serie de capacitaciones que permitan apoyar a la regi\u00f3n en materia de transformaci\u00f3n digital en salud.<\/p><p>Firma transfronteriza\/PKI Nacional, Credenciales verificables, Fundamentos de HL7 FHIR y certificado COVID digital de la UE, son algunos de los cursos que se han efectuado durante la ejecuci\u00f3n del BPR, los cuales continuar\u00e1n en abril y mayo de la mano de IHE (Integrating the Healthcare Enterprise). Los miembros de pa\u00edses participantes que conforman el BPR han podido fortalecer sus conocimientos sobre interoperabilidad transfronteriza a trav\u00e9s del desarrollo de los certificados COVID-19 bajo el est\u00e1ndar EU DCC, adem\u00e1s del refuerzo de otras competencias, todo ello enmarcado dentro del proyecto conocido como LACPass.<\/p><p>A las distintas capacitaciones se suma la realizaci\u00f3n del evento regional denominado Conectat\u00f3n, a realizarse entre el 30 de mayo y el 1 de junio, que demostrar\u00e1 las condiciones t\u00e9cnicas habilitantes en la regi\u00f3n para el intercambio de informaci\u00f3n cl\u00ednica de forma oportuna y segura, cada vez que las personas la necesiten.<\/p><p>Durante el evento, los pa\u00edses participantes podr\u00e1n autenticar, entre ellos, los datos de sus certificados COVID-19 de manera segura, tanto en la emisi\u00f3n como en la recepci\u00f3n de la informaci\u00f3n, incluyendo \u00fanicamente informaci\u00f3n esencial.<\/p><p>Este evento aspira a sentar las bases para una panamericana digital en salud, con el objetivo de abrir m\u00e1s oportunidades para la salud regional interoperable.<\/p><\/div><\/div><\/div><\/div><\/div>\t\t\t\t\t\t\t\t<\/div>\n\t\t\t\t<\/div>\n\t\t\t\t\t<\/div>\n\t\t\t\t<\/div>\n\t\t\t\t<\/div>","protected":false},"excerpt":{"rendered":"<p>Distintas sesiones de formaci\u00f3n para entregar contenidos t\u00e9cnicos que permitan optimizar las oportunidades de interoperabilidad entre distintos pa\u00edses de Latinoam\u00e9rica y el Caribe, adem\u00e1s de generar redes a nivel local y potenciar la concepci\u00f3n de posibles nuevos proyectos est\u00e1n avanzando seg\u00fan planificaci\u00f3n del proyecto. En el marco del Bien Publico Regional (BPR) RG-T3769: \u201cTransformaci\u00f3n Digital [&hellip;]<\/p>\n","protected":false},"author":1,"featured_media":1044,"comment_status":"open","ping_status":"open","sticky":false,"template":"","format":"standard","meta":{"footnotes":""},"categories":[20],"tags":[],"class_list":["post-1043","post","type-post","status-publish","format-standard","has-post-thumbnail","hentry","category-noticias"],"_links":{"self":[{"href":"https:\/\/www.racsel.org\/en\/wp-json\/wp\/v2\/posts\/1043","targetHints":{"allow":["GET"]}}],"collection":[{"href":"https:\/\/www.racsel.org\/en\/wp-json\/wp\/v2\/posts"}],"about":[{"href":"https:\/\/www.racsel.org\/en\/wp-json\/wp\/v2\/types\/post"}],"author":[{"embeddable":true,"href":"https:\/\/www.racsel.org\/en\/wp-json\/wp\/v2\/users\/1"}],"replies":[{"embeddable":true,"href":"https:\/\/www.racsel.org\/en\/wp-json\/wp\/v2\/comments?post=1043"}],"version-history":[{"count":0,"href":"https:\/\/www.racsel.org\/en\/wp-json\/wp\/v2\/posts\/1043\/revisions"}],"wp:featuredmedia":[{"embeddable":true,"href":"https:\/\/www.racsel.org\/en\/wp-json\/wp\/v2\/media\/1044"}],"wp:attachment":[{"href":"https:\/\/www.racsel.org\/en\/wp-json\/wp\/v2\/media?parent=1043"}],"wp:term":[{"taxonomy":"category","embeddable":true,"href":"https:\/\/www.racsel.org\/en\/wp-json\/wp\/v2\/categories?post=1043"},{"taxonomy":"post_tag","embeddable":true,"href":"https:\/\/www.racsel.org\/en\/wp-json\/wp\/v2\/tags?post=1043"}],"curies":[{"name":"wp","href":"https:\/\/api.w.org\/{rel}","templated":true}]}}